{"id":201,"date":"2015-10-19T17:33:23","date_gmt":"2015-10-19T17:33:23","guid":{"rendered":"http:\/\/www.herimo.de\/?p=201"},"modified":"2015-10-19T20:24:22","modified_gmt":"2015-10-19T18:24:22","slug":"meine-kleine-weisse","status":"publish","type":"post","link":"https:\/\/www.herimo.de\/?p=201","title":{"rendered":"Meine kleine Wei\u00dfe"},"content":{"rendered":"<p>Vor ein paar Wochen lief mir der Vectron von Hobbytrain bei meinem H\u00e4ndler \u00fcber den Weg. Diese BR 193 &#8211; im Original von Siemens gebaut &#8211; gefiel mir aufgrund ihrer eigenwilligen Form und der wei\u00dfen Farbe sehr gut. Gerade die Farbe passt doch wunderbar zu meiner kleinen Schwarzen und ihren gleichfarbigen Schwestern. Das Vorbild ist das Nachfolgemodell der ES2007 und der ersten Eurosprintergeneration und erreicht bei einer Leistung von 6400 kW bzw. 5200 kW Geschwindigkeiten von 200 und 160 km\/h.<\/p>\n<p>Das Modell zeigte schon beim H\u00e4ndler ein sehr gutes analoges Fahrverhalten. Die funktionsf\u00e4higen R\u00fccklichter verst\u00e4rken den positiven Eindruck, allerdings hat Hobbytrain wieder wie bei den BR 189 blauwei\u00dfe Leuchtdioden f\u00fcr die Frontbeleuchtungen gew\u00e4hlt.\u00a0Offensichtlich hat Hobbytrain eine Vorliebe f\u00fcr dieses kaltwei\u00dfe, blaue Licht oder hat einen Sack davon g\u00fcnstig erstanden. Aber das kann man ja \u00e4ndern ;-).<\/p>\n<p>Als Decoder habe ich mir einen DH10A von D&amp;H ausgesucht, der mit AUX1 und AUX2 zwei zus\u00e4tzliche verst\u00e4rkte Ausg\u00e4nge f\u00fcr die Beleuchtung besitzt. Nach dem \u00d6ffnen des Geh\u00e4uses zeigt sich die Lok recht aufger\u00e4umt. Der Motorondensator 1\u00a0muss wie auch bei Zimo und Trandecodern entfernt werden. Die Drosseln 2 habe ich entfernt und gegen\u00a0Drahtbr\u00fccken ersetzt. Der Grund waren gelegentliche Probleme beim Programmieren. Es stellte sich aber keine Verbesserung ein, so dass ich die Drosseln nicht h\u00e4tte entfernen m\u00fcssen. Der Analogstecker 5 wird durch den Decoder ersetzt.\u00a0Bei der\u00a0anschlie\u00dfenden Probefahrt harmonierten Lok und Decoder bereits\u00a0mit den Standardwerten sehr gut.<\/p>\n<p><img loading=\"lazy\" decoding=\"async\" class=\"aligncenter size-full wp-image-205\" src=\"http:\/\/www.herimo.de\/wp-content\/uploads\/2015\/10\/Bild11.jpg\" alt=\"Bild1\" width=\"800\" height=\"533\" srcset=\"https:\/\/www.herimo.de\/wp-content\/uploads\/2015\/10\/Bild11.jpg 800w, https:\/\/www.herimo.de\/wp-content\/uploads\/2015\/10\/Bild11-300x200.jpg 300w, https:\/\/www.herimo.de\/wp-content\/uploads\/2015\/10\/Bild11-700x466.jpg 700w, https:\/\/www.herimo.de\/wp-content\/uploads\/2015\/10\/Bild11-332x221.jpg 332w\" sizes=\"auto, (max-width: 800px) 100vw, 800px\" \/><\/p>\n<p>&nbsp;<\/p>\n<p>&nbsp;<\/p>\n<p>Die funktionsf\u00e4higen R\u00fccklichter in Kombination mit dem Digitalbetrieb bieten die M\u00f6glichkeit, die Lokbeleuchtung vorbildgetreuer im Modell abzubilden. Folgende Signalbilder k\u00f6nnten interessant sein:<\/p>\n<p>gezogene Zugfahrt: in Fahrtrichtung 3 wei\u00dfe Lampen, hinten dunkel<\/p>\n<p>geschobene Zugfahrt: hinten 2 rote Lampen, vorne dunkel<\/p>\n<p>Lokfahrt: vorne drei wei\u00dfe und hinten 2 rote Lampen<\/p>\n<p>Rangierfahrt: vorne und hinten jeweils 3 wei\u00dfe Lampen<\/p>\n<p>&nbsp;<\/p>\n<p>Mit den Funktionstasten F0, F1 und F2\u00a0sollen\u00a0sich folgende Lichtfunktionen ausf\u00fchren lassen:<\/p>\n<p>F0: Licht an\/aus<\/p>\n<p>F1: rote Lampen ausschalten (alternativ kann man den Decoder auch so konfigurieren, dass geschobene Zugfahrten nachgebildet werden<\/p>\n<p>F2: Rangierbeleuchtung (vorne und hinten je 3 wei\u00dfe Lampen) und Rangiergang<\/p>\n<p>Auf die\u00a0M\u00f6glichkeit der geschobenen Zugfahrt habe ich verzichtet, da mein altes Lenz Compact sowieso nur diese 3 F-Tasten hat.<\/p>\n<p>&nbsp;<\/p>\n<p>Auf der Lokplatine wird an den Punkten 3 die Leiterbahnen zwischen den roten LEDs und den Lichtausg\u00e4ngen getrennt. Der Decoder besitzt auf der R\u00fcckseite\u00a0zwei L\u00f6tfl\u00e4chen f\u00fcr die Ausg\u00e4nge AUX1 und AUX2, die ich mit zwei Anschlusskabeln versehen habe.<\/p>\n<p><a href=\"http:\/\/www.herimo.de\/wp-content\/uploads\/2015\/10\/Bild21.jpg\"><img loading=\"lazy\" decoding=\"async\" class=\"aligncenter size-full wp-image-206\" src=\"http:\/\/www.herimo.de\/wp-content\/uploads\/2015\/10\/Bild21.jpg\" alt=\"Bild2\" width=\"800\" height=\"533\" srcset=\"https:\/\/www.herimo.de\/wp-content\/uploads\/2015\/10\/Bild21.jpg 800w, https:\/\/www.herimo.de\/wp-content\/uploads\/2015\/10\/Bild21-300x200.jpg 300w, https:\/\/www.herimo.de\/wp-content\/uploads\/2015\/10\/Bild21-700x466.jpg 700w, https:\/\/www.herimo.de\/wp-content\/uploads\/2015\/10\/Bild21-332x221.jpg 332w\" sizes=\"auto, (max-width: 800px) 100vw, 800px\" \/><\/a><\/p>\n<p>Die anderen Kabelenden werden an die Vorwiderst\u00e4nde der roten LEDs angel\u00f6tet. AUX1 habe ich in Richtung F\u00fchrerstand 1 angeschlossen.<\/p>\n<p><a href=\"http:\/\/www.herimo.de\/wp-content\/uploads\/2015\/10\/Bild3.jpg\"><img loading=\"lazy\" decoding=\"async\" class=\" size-full wp-image-207 aligncenter\" src=\"http:\/\/www.herimo.de\/wp-content\/uploads\/2015\/10\/Bild3.jpg\" alt=\"Bild3\" width=\"800\" height=\"533\" srcset=\"https:\/\/www.herimo.de\/wp-content\/uploads\/2015\/10\/Bild3.jpg 800w, https:\/\/www.herimo.de\/wp-content\/uploads\/2015\/10\/Bild3-300x200.jpg 300w, https:\/\/www.herimo.de\/wp-content\/uploads\/2015\/10\/Bild3-700x466.jpg 700w, https:\/\/www.herimo.de\/wp-content\/uploads\/2015\/10\/Bild3-332x221.jpg 332w\" sizes=\"auto, (max-width: 800px) 100vw, 800px\" \/><\/a><\/p>\n<p>Die &#8222;schwerste&#8220; Arbeit ist jetzt das Konfigurieren des Decoders. CV 33 bestimmt, was bei Bet\u00e4tigung der der Taste F0 in Fahrtrichtung und CV34 was entgegen der Fahrtrichtung passiert.<\/p>\n<p>CV33 schaltet AUX2 und LV (Lichtausgang vorne), CV34 entsprechend AUX1 und LR (Lichtausgang hinten). Wobei entgegengesetzt zum Decodermanual f\u00fcr AUX1 8 und f\u00fcr AUX2 4 zu dem Wert addiert werden m\u00fcssen (oder die Lage der L\u00f6tfl\u00e4chen ist vertauscht worden).<\/p>\n<p>CV33 = 1 (LV Licht vorne) + 4 (AUX2) = 5<\/p>\n<p>CV34 = 2 (LH Licht hinten) + 8 (AUX1) = 10<\/p>\n<p>Damit kann man jetzt das Licht vorne und hinten fahrtrichtungsabh\u00e4ngig ein- und ausschalten.<\/p>\n<p>Um nur die roten R\u00fccklichter auszuschalten, wird die Abschaltfunktion genutzt. Diese befindet sich in CV 114 f\u00fcr AUX1 und 115 f\u00fcr AUX2. Belegt man diese jeweils 1 (f\u00fcr F1) werden die Ausg\u00e4nge AUX1 und AUX2 (und damit die roten Schlusslichter) trotz eingeschaltetem\u00a0F0 deaktiviert.<\/p>\n<p>Fehlt nur noch das Einschalten des Rangiergangs und der Rangierbeleuchtung mit F2. Die Funktionszuordnung von F2 erfolgt in CV36, die den Wert 131 erh\u00e4lt<\/p>\n<p>CV36 = 128 (Rangiergang) + 2 (LR Licht hinten) + 1 (LV Licht vorne)\u00a0= 131<\/p>\n<p>Damit ist die Konfiguration abgeschlossen und die Lok f\u00e4hrt wie gew\u00fcnscht: einfach toll!<\/p>\n<p>&nbsp;<\/p>\n<p>Ein pers\u00f6nliches Anliegen habe ich immer wieder bei Hobbytrainloks: dieses blauwei\u00dfe Ledlicht ist eine absolute Katastrophe. Ich habe diese daher durch sunny white SMD-LEDs der Baugr\u00f6\u00dfe 0603 ersetzt, besser w\u00e4ren noch golden white gewesen, die ich aber nicht zur Hand hatte. Da die Leuchtintensit\u00e4t meiner Ersatztypen niedriger war,\u00a0musste ich die Vorwiderst\u00e4nde von 1k auf 470 Ohm reduzieren. Dann sieht es richtig gut aus. Auf der LED-Platine muss man daf\u00fcr die beiden\u00a0\u00e4u\u00dferen LEDs ersetzen, die mittlere ist die Rote. \u00dcbrigens, die Idee mit den steckbaren Lichtplatinen ist wirklich gut. Durch einfaches Umstecken l\u00e4\u00dft sich das Licht auch einseitig Abschalten indem man die LED-Platine seitlich versetzt einsteckt. Das ist interessant f\u00fcr Wendezugverkehr und funzt ganz ohne Elektronik und irgendwelche Weichware ;-).<\/p>\n<p>&nbsp;<\/p>\n<p><a href=\"http:\/\/www.herimo.de\/wp-content\/uploads\/2015\/10\/Bild4.jpg\"><img loading=\"lazy\" decoding=\"async\" class=\"aligncenter size-full wp-image-208\" src=\"http:\/\/www.herimo.de\/wp-content\/uploads\/2015\/10\/Bild4.jpg\" alt=\"Bild4\" width=\"800\" height=\"533\" srcset=\"https:\/\/www.herimo.de\/wp-content\/uploads\/2015\/10\/Bild4.jpg 800w, https:\/\/www.herimo.de\/wp-content\/uploads\/2015\/10\/Bild4-300x200.jpg 300w, https:\/\/www.herimo.de\/wp-content\/uploads\/2015\/10\/Bild4-700x466.jpg 700w, https:\/\/www.herimo.de\/wp-content\/uploads\/2015\/10\/Bild4-332x221.jpg 332w\" sizes=\"auto, (max-width: 800px) 100vw, 800px\" \/><\/a><\/p>\n<p>Zum Abschluss noch ein kleiner Wermutstropfen: Ich habe sechs Loks des Typs BR 189 und BR 183 von Hobbytrain. Vier dieser Loks zeigten nach Digitalisierung ein schwaches Glimmen der eigentlich nicht leuchtenden LEDs (analog tritt der Fehler\u00a0auch auf, allerdings f\u00e4llt er weniger auf). Ursache waren \u00dcbergangswiderst\u00e4nde zwischen den L\u00f6tpunkten der Digitalschnittstellenbuchse bzw. der Buchse f\u00fcr die LED-Platine. Mit einem scharfen Gegenstand habe ich die Br\u00fccken zwischen den L\u00f6taugen entfernen k\u00f6nnen, aber in dieser H\u00e4ufigkeit muss so ein Fehler eigentlich nicht passieren.<\/p>\n<p><a href=\"http:\/\/www.herimo.de\/wp-content\/uploads\/2015\/10\/Bild5.jpg\"><img loading=\"lazy\" decoding=\"async\" class=\"aligncenter size-full wp-image-209\" src=\"http:\/\/www.herimo.de\/wp-content\/uploads\/2015\/10\/Bild5.jpg\" alt=\"Bild5\" width=\"800\" height=\"533\" srcset=\"https:\/\/www.herimo.de\/wp-content\/uploads\/2015\/10\/Bild5.jpg 800w, https:\/\/www.herimo.de\/wp-content\/uploads\/2015\/10\/Bild5-300x200.jpg 300w, https:\/\/www.herimo.de\/wp-content\/uploads\/2015\/10\/Bild5-700x466.jpg 700w, https:\/\/www.herimo.de\/wp-content\/uploads\/2015\/10\/Bild5-332x221.jpg 332w\" sizes=\"auto, (max-width: 800px) 100vw, 800px\" \/><\/a><\/p>\n<p>&nbsp;<\/p>\n","protected":false},"excerpt":{"rendered":"<p>Vor ein paar Wochen lief mir der Vectron von Hobbytrain bei meinem H\u00e4ndler \u00fcber den Weg. Diese BR 193 &#8211; im Original von Siemens gebaut &#8211; gefiel mir aufgrund ihrer eigenwilligen Form und der wei\u00dfen Farbe sehr gut. Gerade die Farbe passt doch wunderbar zu meiner kleinen Schwarzen und ihren &#8230;<\/p>\n","protected":false},"author":1,"featured_media":209,"comment_status":"open","ping_status":"open","sticky":false,"template":"","format":"standard","meta":{"pgc_sgb_lightbox_settings":"","footnotes":""},"categories":[10,9],"tags":[],"class_list":["post-201","post","type-post","status-publish","format-standard","has-post-thumbnail","hentry","category-digital","category-tipps-und-tricks","column","onecol","has-thumbnail"],"_links":{"self":[{"href":"https:\/\/www.herimo.de\/index.php?rest_route=\/wp\/v2\/posts\/201","targetHints":{"allow":["GET"]}}],"collection":[{"href":"https:\/\/www.herimo.de\/index.php?rest_route=\/wp\/v2\/posts"}],"about":[{"href":"https:\/\/www.herimo.de\/index.php?rest_route=\/wp\/v2\/types\/post"}],"author":[{"embeddable":true,"href":"https:\/\/www.herimo.de\/index.php?rest_route=\/wp\/v2\/users\/1"}],"replies":[{"embeddable":true,"href":"https:\/\/www.herimo.de\/index.php?rest_route=%2Fwp%2Fv2%2Fcomments&post=201"}],"version-history":[{"count":8,"href":"https:\/\/www.herimo.de\/index.php?rest_route=\/wp\/v2\/posts\/201\/revisions"}],"predecessor-version":[{"id":217,"href":"https:\/\/www.herimo.de\/index.php?rest_route=\/wp\/v2\/posts\/201\/revisions\/217"}],"wp:featuredmedia":[{"embeddable":true,"href":"https:\/\/www.herimo.de\/index.php?rest_route=\/wp\/v2\/media\/209"}],"wp:attachment":[{"href":"https:\/\/www.herimo.de\/index.php?rest_route=%2Fwp%2Fv2%2Fmedia&parent=201"}],"wp:term":[{"taxonomy":"category","embeddable":true,"href":"https:\/\/www.herimo.de\/index.php?rest_route=%2Fwp%2Fv2%2Fcategories&post=201"},{"taxonomy":"post_tag","embeddable":true,"href":"https:\/\/www.herimo.de\/index.php?rest_route=%2Fwp%2Fv2%2Ftags&post=201"}],"curies":[{"name":"wp","href":"https:\/\/api.w.org\/{rel}","templated":true}]}}