{"id":313,"date":"2016-11-29T14:38:05","date_gmt":"2016-11-29T13:38:05","guid":{"rendered":"http:\/\/www.herimo.de\/?p=313"},"modified":"2018-01-15T19:12:15","modified_gmt":"2018-01-15T18:12:15","slug":"bilder-der-adventskalender-des-n-bahnforums","status":"publish","type":"post","link":"https:\/\/www.herimo.de\/?p=313","title":{"rendered":"Bilder der Adventskalender des N-Bahnforums"},"content":{"rendered":"<p>Inzwischen ist esja schon fast Tradition, dass Bilder aus dem\u00a0N-Bahnforum zu einem Adventskalender zusammengestellt werden. Leider sind sie ja\u00a0nur ein paar Tage sichtbar. Daher\u00a0habe ich\u00a0die Bilder der bisherigen Kalender in Galerien hier\u00a0zusammengefasst.<\/p>\n<p>&nbsp;<\/p>\n<h3><strong><span style=\"color: #000000;\">Adventskalender 2013<\/span><\/strong><\/h3>\n<p>[Best_Wordpress_Gallery id=&#8220;20&#8243; gal_title=&#8220;Adventskalender 2013&#8243;]<\/p>\n<p>Diese Bilder wurden von Intercargo, LotharF, Lothar, lok527596, Rudi, Thorsten76, Warube, und Helmut zur Verf\u00fcgung gestellt. Nochmals ein herzliches danke sch\u00f6n.<\/p>\n<p>&nbsp;<\/p>\n<h3><strong>Adventskalender 2014<\/strong><\/h3>\n<p>[Best_Wordpress_Gallery id=&#8220;21&#8243; gal_title=&#8220;Adventskalender 2014&#8243;]<\/p>\n<p>Diese Bilder wurden von Alex, Johannes, LotharF, Lothar, lok527596, Tonga, Warube und\u00a0Helmut zur Verf\u00fcgung gestellt. Nochmals ein herzliches danke sch\u00f6n.<\/p>\n<p>&nbsp;<\/p>\n<h3><strong>Adventskalender 2015<\/strong><\/h3>\n<p>[Best_Wordpress_Gallery id=&#8220;22&#8243; gal_title=&#8220;Adventskalender 2015&#8243;]<\/p>\n<p>Diese Bilder wurden von Alex, der-was-nie fertig-wird, Johannes, Lothar, LotharF, lok527596, speed123, Warube und\u00a0Helmut zur Verf\u00fcgung gestellt. Nochmals ein herzliches danke sch\u00f6n.<\/p>\n<p>&nbsp;<\/p>\n<h3><strong>Adventskalender 2016<\/strong><\/h3>\n<p>[Best_Wordpress_Gallery id=&#8220;27&#8243; gal_title=&#8220;Adventskalender 2016&#8243;]<\/p>\n<p>Diese Bilder wurden von G\u00f6tz, der-was-nie fertig-wird, Johannes, Lothar, LotharF, speed123, Kai und Helmut zur Verf\u00fcgung gestellt. Nochmals ein herzliches danke sch\u00f6n.<\/p>\n<p>&nbsp;<\/p>\n<h3><strong>Adventskalender 2017<\/strong><\/h3>\n<p>[Best_Wordpress_Gallery id=&#8220;28&#8243; gal_title=&#8220;Adventskalender 2017&#8243;]<\/p>\n<p>Diese Bilder wurden von der-was-nie fertig-wird, Herbert, Johannes, Lothar, LotharF, MHAG, speed123 und Helmut zur Verf\u00fcgung gestellt. Nochmals ein herzliches danke sch\u00f6n.<\/p>\n","protected":false},"excerpt":{"rendered":"<p>Inzwischen ist esja schon fast Tradition, dass Bilder aus dem\u00a0N-Bahnforum zu einem Adventskalender zusammengestellt werden. Leider sind sie ja\u00a0nur ein paar Tage sichtbar. Daher\u00a0habe ich\u00a0die Bilder der bisherigen Kalender in Galerien hier\u00a0zusammengefasst. &nbsp; Adventskalender 2013 [Best_Wordpress_Gallery id=&#8220;20&#8243; gal_title=&#8220;Adventskalender 2013&#8243;] Diese Bilder wurden von Intercargo, LotharF, Lothar, lok527596, Rudi, Thorsten76, Warube, &#8230;<\/p>\n","protected":false},"author":1,"featured_media":0,"comment_status":"open","ping_status":"open","sticky":false,"template":"","format":"standard","meta":{"pgc_sgb_lightbox_settings":"","footnotes":""},"categories":[1],"tags":[],"class_list":["post-313","post","type-post","status-publish","format-standard","hentry","category-allgemein","column","onecol"],"_links":{"self":[{"href":"https:\/\/www.herimo.de\/index.php?rest_route=\/wp\/v2\/posts\/313","targetHints":{"allow":["GET"]}}],"collection":[{"href":"https:\/\/www.herimo.de\/index.php?rest_route=\/wp\/v2\/posts"}],"about":[{"href":"https:\/\/www.herimo.de\/index.php?rest_route=\/wp\/v2\/types\/post"}],"author":[{"embeddable":true,"href":"https:\/\/www.herimo.de\/index.php?rest_route=\/wp\/v2\/users\/1"}],"replies":[{"embeddable":true,"href":"https:\/\/www.herimo.de\/index.php?rest_route=%2Fwp%2Fv2%2Fcomments&post=313"}],"version-history":[{"count":11,"href":"https:\/\/www.herimo.de\/index.php?rest_route=\/wp\/v2\/posts\/313\/revisions"}],"predecessor-version":[{"id":410,"href":"https:\/\/www.herimo.de\/index.php?rest_route=\/wp\/v2\/posts\/313\/revisions\/410"}],"wp:attachment":[{"href":"https:\/\/www.herimo.de\/index.php?rest_route=%2Fwp%2Fv2%2Fmedia&parent=313"}],"wp:term":[{"taxonomy":"category","embeddable":true,"href":"https:\/\/www.herimo.de\/index.php?rest_route=%2Fwp%2Fv2%2Fcategories&post=313"},{"taxonomy":"post_tag","embeddable":true,"href":"https:\/\/www.herimo.de\/index.php?rest_route=%2Fwp%2Fv2%2Ftags&post=313"}],"curies":[{"name":"wp","href":"https:\/\/api.w.org\/{rel}","templated":true}]}}