{"id":700,"date":"2025-08-01T14:43:48","date_gmt":"2025-08-01T12:43:48","guid":{"rendered":"https:\/\/www.herimo.de\/?p=700"},"modified":"2025-08-01T15:13:38","modified_gmt":"2025-08-01T13:13:38","slug":"3d-druck-fuer-die-modellbahn","status":"publish","type":"post","link":"https:\/\/www.herimo.de\/?p=700","title":{"rendered":"3D-Druck f\u00fcr die Modellbahn"},"content":{"rendered":"\n<p>Vor zig Jahren habe ich mir interessehalber einen heruntergesetzten FDM-Drucker (Fused Deposition Modeling) gekauft. Im Prinzip handelt es sich dabei um eine computergef\u00fchrte Hei\u00dfklebepistole. Auch wenn sicherlich die Druckqualit\u00e4t nicht optimal war, konnte ich doch ein paar nette Gimmicks damit gestalten. Der gro\u00dfe Schwachpunkt dieser Methode ist die Schichtstruktur der Modelle, selbst wenn man mit kleinen D\u00fcsen wie 0,15 mm arbeitet. Umso interessanter fand ich dann ein g\u00fcnstiges Angebot des Resindruckers Anycubic Photon. Von der Druckqualit\u00e4t war ich einfach begeistert (Pixelgr\u00f6\u00dfe x,y: je 47 \u00b5m). In der Z-Achse k\u00f6nnen Schichten zwischen  30 und 150 \u00b5m hergestellt werden. <\/p>\n\n\n\n<p>Die bedruckbare Fl\u00e4che ist mit 115 x 65 mm relativ klein. Kleinteile funktionieren sehr gut, kurze G\u00fcterwaggons gehen auch, aber beispielsweise bei langen vierachsigen Reisezugwagen wird es doch ungem\u00fctlich eng. Daher war ich eigentlich gar nicht b\u00f6se, als der LCD-Bildschirm des Photon seinen Geist aufgab. Ich habe wohl punktuell zu viel Druck ausge\u00fcbt. Als neuen habe ich mich ebenfalls f\u00fcr einen Drucker aus dem Hause Anycubic entschieden, den Anycubic Photon Mono M7.<\/p>\n\n\n\n<p><img loading=\"lazy\" decoding=\"async\" width=\"450\" height=\"600\" class=\"wp-image-705\" style=\"width: 450px;\" src=\"https:\/\/www.herimo.de\/wp-content\/uploads\/2025\/08\/IMG_4018.jpg\" alt=\"\" srcset=\"https:\/\/www.herimo.de\/wp-content\/uploads\/2025\/08\/IMG_4018.jpg 600w, https:\/\/www.herimo.de\/wp-content\/uploads\/2025\/08\/IMG_4018-225x300.jpg 225w, https:\/\/www.herimo.de\/wp-content\/uploads\/2025\/08\/IMG_4018-332x443.jpg 332w\" sizes=\"auto, (max-width: 450px) 100vw, 450px\" \/><\/p>\n\n\n\n<p><\/p>\n\n\n\n<p><strong>Warum gerade diesen Drucker?<\/strong><\/p>\n\n\n\n<p>Zum einen war ich dem dem Anycubic Photon sehr zufrieden und habe mich an die Bedienung gew\u00f6hnt. M\u00f6glicherweise gibt es bessere Modelle, aber f\u00fcr ein langen Vergleich hatte ich wenig Zeit und Lust.<\/p>\n\n\n\n<p>Die Druckfl\u00e4che ist mit 223 x 126 mm in meinen Augen f\u00fcr N ausreichend. Der Bauraum in Richtung der Z-Achse ist allgemein bei Resindruckern gro\u00df genug dimensioniert. Hohe Modelle f\u00fchren aber zu langen Druckzeiten.<\/p>\n\n\n\n<p>Die Pixelaufl\u00f6sung in x\/y-Richtung betr\u00e4gt 17 bzw. 25 \u00b5m. Wir reden also von Aufl\u00f6sungen im unteren hundertstel Millimeterbereich. Das finde ich absolut ausreichend.<\/p>\n\n\n\n<p>Die kleinste Schichtdicke (Z-Achse) betr\u00e4gt 10 \u00b5m (1\/100 mm). Auch besser als mein Vorg\u00e4nger.<\/p>\n\n\n\n<p>Im Vorfeld habe ich mir nat\u00fcrlich auch die Daten des Anycubic Photon Mono M7 Pro bzw. Max angeschaut. Die Proversion ist bis auf die Druckgeschwindigkeit und dem Zubeh\u00f6r vergleichbar zur Standardversion, aber teurer. Druckgeschwindigkeit spielt f\u00fcr mich als Privatmann eigentlich keine Rolle, zumal der Druck mit hoher Geschwindigkeit zu Lasten der Detailierung geht. Trotzdem ist die Druckgeschwindigkeit besser als bei meinem bisherigen Drucker. Der Druckraum ist auch kein Thema, f\u00fcr N reicht die Gr\u00f6\u00dfe der Standardversion vollkommen aus. Au\u00dferdem steigt die xy-Pixelaufl\u00f6sung auf 47 \u00b5m, verschlechtert sich also deutlich.<\/p>\n\n\n\n<p>Ein paar Features habe ich erst bei der Installation und den ersten Drucktests gemerkt:<\/p>\n\n\n\n<p>Das Druckbett ist strukturiert und zeigt eine sehr gute Haftung des Modells. Trotzdem ist die Abl\u00f6sbarkeit nach dem Druck sehr einfach.<\/p>\n\n\n\n<figure class=\"wp-block-image size-full is-resized\"><a href=\"https:\/\/www.herimo.de\/wp-content\/uploads\/2025\/08\/Druckbett.jpg\"><img loading=\"lazy\" decoding=\"async\" width=\"800\" height=\"600\" src=\"https:\/\/www.herimo.de\/wp-content\/uploads\/2025\/08\/Druckbett.jpg\" alt=\"\" class=\"wp-image-708\" style=\"width:800px\" srcset=\"https:\/\/www.herimo.de\/wp-content\/uploads\/2025\/08\/Druckbett.jpg 800w, https:\/\/www.herimo.de\/wp-content\/uploads\/2025\/08\/Druckbett-300x225.jpg 300w, https:\/\/www.herimo.de\/wp-content\/uploads\/2025\/08\/Druckbett-768x576.jpg 768w, https:\/\/www.herimo.de\/wp-content\/uploads\/2025\/08\/Druckbett-700x525.jpg 700w, https:\/\/www.herimo.de\/wp-content\/uploads\/2025\/08\/Druckbett-332x249.jpg 332w\" sizes=\"auto, (max-width: 800px) 100vw, 800px\" \/><\/a><\/figure>\n\n\n\n<p>Die Lesbarkeit des Touchscreens ist erheblich verbessert.<\/p>\n\n\n\n<p>Die Einstellm\u00f6glichkeiten beim Druck sind im Vergleich zum Photon deutlich erweitert. Das werde ich mir im Laufe der Zeit aber noch genauer ansehen.<\/p>\n\n\n\n<p>Neben dem Datentransfer via USB-Stick soll der Drucker auch WLAN k\u00f6nnen. Muss ich auch noch ausprobieren.<\/p>\n\n\n\n<p>Diverse Sensoren sch\u00fctzen den Drucker. Auch hiervon sp\u00e4ter vielleicht mehr.<\/p>\n\n\n\n<p><\/p>\n\n\n\n<p><\/p>\n\n\n\n<p><strong>Erste Gehversuche<\/strong><\/p>\n\n\n\n<p>3D-Modelle, die ich schon fr\u00fcher gezeichnet und gedruckt habe, habe ich f\u00fcr Probeausdrucke genutzt:<\/p>\n\n\n\n<p><\/p>\n\n\n\n<p>Spundwand<\/p>\n\n\n\n<figure class=\"wp-block-image size-full is-resized\"><a href=\"https:\/\/www.herimo.de\/wp-content\/uploads\/2025\/08\/IMG_4022.jpg\"><img loading=\"lazy\" decoding=\"async\" width=\"800\" height=\"600\" src=\"https:\/\/www.herimo.de\/wp-content\/uploads\/2025\/08\/IMG_4022.jpg\" alt=\"\" class=\"wp-image-709\" style=\"width:800px\" srcset=\"https:\/\/www.herimo.de\/wp-content\/uploads\/2025\/08\/IMG_4022.jpg 800w, https:\/\/www.herimo.de\/wp-content\/uploads\/2025\/08\/IMG_4022-300x225.jpg 300w, https:\/\/www.herimo.de\/wp-content\/uploads\/2025\/08\/IMG_4022-768x576.jpg 768w, https:\/\/www.herimo.de\/wp-content\/uploads\/2025\/08\/IMG_4022-700x525.jpg 700w, https:\/\/www.herimo.de\/wp-content\/uploads\/2025\/08\/IMG_4022-332x249.jpg 332w\" sizes=\"auto, (max-width: 800px) 100vw, 800px\" \/><\/a><\/figure>\n\n\n\n<p><\/p>\n\n\n\n<p>Servohalter f\u00fcr 9g Servos<\/p>\n\n\n\n<figure class=\"wp-block-image size-full is-resized\"><a href=\"https:\/\/www.herimo.de\/wp-content\/uploads\/2025\/08\/Servohalter.jpg\"><img loading=\"lazy\" decoding=\"async\" width=\"800\" height=\"600\" src=\"https:\/\/www.herimo.de\/wp-content\/uploads\/2025\/08\/Servohalter.jpg\" alt=\"\" class=\"wp-image-710\" style=\"width:800px\" srcset=\"https:\/\/www.herimo.de\/wp-content\/uploads\/2025\/08\/Servohalter.jpg 800w, https:\/\/www.herimo.de\/wp-content\/uploads\/2025\/08\/Servohalter-300x225.jpg 300w, https:\/\/www.herimo.de\/wp-content\/uploads\/2025\/08\/Servohalter-768x576.jpg 768w, https:\/\/www.herimo.de\/wp-content\/uploads\/2025\/08\/Servohalter-700x525.jpg 700w, https:\/\/www.herimo.de\/wp-content\/uploads\/2025\/08\/Servohalter-332x249.jpg 332w\" sizes=\"auto, (max-width: 800px) 100vw, 800px\" \/><\/a><\/figure>\n\n\n\n<p><\/p>\n\n\n\n<p>Gel\u00e4nder<\/p>\n\n\n\n<figure class=\"wp-block-image size-full is-resized\"><a href=\"https:\/\/www.herimo.de\/wp-content\/uploads\/2025\/08\/Gelaender.jpg\"><img loading=\"lazy\" decoding=\"async\" width=\"800\" height=\"600\" src=\"https:\/\/www.herimo.de\/wp-content\/uploads\/2025\/08\/Gelaender.jpg\" alt=\"\" class=\"wp-image-711\" style=\"width:800px\" srcset=\"https:\/\/www.herimo.de\/wp-content\/uploads\/2025\/08\/Gelaender.jpg 800w, https:\/\/www.herimo.de\/wp-content\/uploads\/2025\/08\/Gelaender-300x225.jpg 300w, https:\/\/www.herimo.de\/wp-content\/uploads\/2025\/08\/Gelaender-768x576.jpg 768w, https:\/\/www.herimo.de\/wp-content\/uploads\/2025\/08\/Gelaender-700x525.jpg 700w, https:\/\/www.herimo.de\/wp-content\/uploads\/2025\/08\/Gelaender-332x249.jpg 332w\" sizes=\"auto, (max-width: 800px) 100vw, 800px\" \/><\/a><\/figure>\n\n\n\n<p>Alle drei Modelle konnten in guter Qualit\u00e4t und auf Anhieb gedruckt werden. Die Belichtungszeiten konnten unter dem Strich halbiert werden, obwohl ich &#8222;Standardresin&#8220; genommen habe. Die etwas gr\u00f6bere Struktur der Gel\u00e4nderverstrebung f\u00fchre ich momentan auf die tr\u00fcbe ACF-Folie des Resintanks zur\u00fcck. Diese Bodenfolie des Tanks muss das UV-Licht dringen und streut nat\u00fcrlich das Licht. Dieses f\u00fchrt zu einer Unsch\u00e4rfe der Druckstrukturen. Die von Anycubic eingesetzte ACF-Folie ist f\u00fcr schnelle, aber nicht sehr genaue Drucke optimiert. Hier soll die klare NFEP-Folie besser sein. Gekauft und geliefert ist sie schon, aber ich werde sie erst montieren, wenn die ACF-Folie ihren Geist aufgibt. Geiz komm raus, du bist umzingelt ;-).<\/p>\n\n\n\n<p><\/p>\n\n\n\n<p><strong>Fortsetzung folgt!<\/strong><\/p>\n\n\n\n<p><\/p>\n","protected":false},"excerpt":{"rendered":"<p>Vor zig Jahren habe ich mir interessehalber einen heruntergesetzten FDM-Drucker (Fused Deposition Modeling) gekauft. Im Prinzip handelt es sich dabei um eine computergef\u00fchrte Hei\u00dfklebepistole. Auch wenn sicherlich die Druckqualit\u00e4t nicht optimal war, konnte ich doch ein paar nette Gimmicks damit gestalten. Der gro\u00dfe Schwachpunkt dieser Methode ist die Schichtstruktur der &#8230;<\/p>\n","protected":false},"author":1,"featured_media":0,"comment_status":"closed","ping_status":"closed","sticky":false,"template":"","format":"standard","meta":{"pgc_sgb_lightbox_settings":"","footnotes":""},"categories":[1,12,9],"tags":[40,42,44,43,39,41],"class_list":["post-700","post","type-post","status-publish","format-standard","hentry","category-allgemein","category-diverses","category-tipps-und-tricks","tag-3d-druck","tag-anycubic","tag-mono-m7","tag-photon","tag-resin","tag-sla","column","onecol"],"_links":{"self":[{"href":"https:\/\/www.herimo.de\/index.php?rest_route=\/wp\/v2\/posts\/700","targetHints":{"allow":["GET"]}}],"collection":[{"href":"https:\/\/www.herimo.de\/index.php?rest_route=\/wp\/v2\/posts"}],"about":[{"href":"https:\/\/www.herimo.de\/index.php?rest_route=\/wp\/v2\/types\/post"}],"author":[{"embeddable":true,"href":"https:\/\/www.herimo.de\/index.php?rest_route=\/wp\/v2\/users\/1"}],"replies":[{"embeddable":true,"href":"https:\/\/www.herimo.de\/index.php?rest_route=%2Fwp%2Fv2%2Fcomments&post=700"}],"version-history":[{"count":9,"href":"https:\/\/www.herimo.de\/index.php?rest_route=\/wp\/v2\/posts\/700\/revisions"}],"predecessor-version":[{"id":716,"href":"https:\/\/www.herimo.de\/index.php?rest_route=\/wp\/v2\/posts\/700\/revisions\/716"}],"wp:attachment":[{"href":"https:\/\/www.herimo.de\/index.php?rest_route=%2Fwp%2Fv2%2Fmedia&parent=700"}],"wp:term":[{"taxonomy":"category","embeddable":true,"href":"https:\/\/www.herimo.de\/index.php?rest_route=%2Fwp%2Fv2%2Fcategories&post=700"},{"taxonomy":"post_tag","embeddable":true,"href":"https:\/\/www.herimo.de\/index.php?rest_route=%2Fwp%2Fv2%2Ftags&post=700"}],"curies":[{"name":"wp","href":"https:\/\/api.w.org\/{rel}","templated":true}]}}